{"id":91,"date":"2013-10-14T22:14:28","date_gmt":"2013-10-14T20:14:28","guid":{"rendered":"http:\/\/aaad13.de\/?p=91"},"modified":"2013-10-14T22:14:28","modified_gmt":"2013-10-14T20:14:28","slug":"kleine-und-grosse-touren","status":"publish","type":"post","link":"http:\/\/aaad13.de\/?p=91","title":{"rendered":"Kleine und gro\u00dfe Touren"},"content":{"rendered":"<p>Das Wetter hier ist nach wie vor traumhaft. Morgens ist es zwar etwas k\u00fchl mit Temperaturen um die Null Grad, aber in der Sonne werden es im Tagesverlauf zwischen 10 und 15 Grad &#8211; gef\u00fchlt teilweise \u00fcber 20. Sieht ganz sch\u00f6n bescheuert aus, wenn man dann in Skiklamotten wandern geht&#8230; Hemsedal hat ne ganze Menge Tourenvorschl\u00e4ge &#8211; viele davon f\u00fcr Kinder geeigntet. Und das sind sie tats\u00e4chlich. Nicht allzu lang oder steil und oft geht es \u00fcber Wurzeln und Steine schmale Wege hoch. Selbst der kleine Mann ist den einen Tag losgestapft, selbst als es bergauf ging, war er nicht zu halten. Zur Erholung dann wie geplant in die Manduca, alles prima. Und auch die Kraxe haben wir noch mal neu eingestellt und klappt nun. Und die Kleene wandert ja eh alleine und meist vorneweg&#8230;<\/p>\n<p>Deshalb gings dann heute richtig hoch. Den ziemlich steilen Aufstieg hat die Kleene gut gemeistert und oben war es grandios. DESHALB fahren wir im Herbst nach Norwegen \ud83d\ude42<\/p>\n<p><a href=\"http:\/\/aaad13.de\/wp-content\/uploads\/2013\/10\/DSCF5957.jpg\"><img loading=\"lazy\" decoding=\"async\" class=\"alignnone size-medium wp-image-92\" alt=\"2013-10-14_Wanderung\" src=\"http:\/\/aaad13.de\/wp-content\/uploads\/2013\/10\/DSCF5957-300x225.jpg\" width=\"300\" height=\"225\" srcset=\"http:\/\/aaad13.de\/wp-content\/uploads\/2013\/10\/DSCF5957-300x225.jpg 300w, http:\/\/aaad13.de\/wp-content\/uploads\/2013\/10\/DSCF5957-1024x768.jpg 1024w, http:\/\/aaad13.de\/wp-content\/uploads\/2013\/10\/DSCF5957-624x468.jpg 624w, http:\/\/aaad13.de\/wp-content\/uploads\/2013\/10\/DSCF5957.jpg 1046w\" sizes=\"auto, (max-width: 300px) 100vw, 300px\" \/><\/a><\/p>\n<h6><a href=\"http:\/\/aaad13.de\/wp-content\/uploads\/2013\/10\/DSCF5983.jpg\"><img loading=\"lazy\" decoding=\"async\" class=\"alignnone size-medium wp-image-93\" alt=\"2013-10-14_Wanderung2\" src=\"http:\/\/aaad13.de\/wp-content\/uploads\/2013\/10\/DSCF5983-300x225.jpg\" width=\"300\" height=\"225\" srcset=\"http:\/\/aaad13.de\/wp-content\/uploads\/2013\/10\/DSCF5983-300x225.jpg 300w, http:\/\/aaad13.de\/wp-content\/uploads\/2013\/10\/DSCF5983-1024x768.jpg 1024w, http:\/\/aaad13.de\/wp-content\/uploads\/2013\/10\/DSCF5983-624x468.jpg 624w, http:\/\/aaad13.de\/wp-content\/uploads\/2013\/10\/DSCF5983.jpg 1046w\" sizes=\"auto, (max-width: 300px) 100vw, 300px\" \/><\/a>\u00a0\u00a0 <em>Na, habt Ihr die Wanderer auf beiden Bildern entdeckt? \ud83d\ude42<\/em><\/h6>\n","protected":false},"excerpt":{"rendered":"<p>Das Wetter hier ist nach wie vor traumhaft. Morgens ist es zwar etwas k\u00fchl mit Temperaturen um die Null Grad, aber in der Sonne werden es im Tagesverlauf zwischen 10 und 15 Grad &#8211; gef\u00fchlt teilweise \u00fcber 20. Sieht ganz sch\u00f6n bescheuert aus, wenn man dann in Skiklamotten wandern geht&#8230; Hemsedal hat ne ganze Menge [&hellip;]<\/p>\n","protected":false},"author":2,"featured_media":0,"comment_status":"closed","ping_status":"closed","sticky":false,"template":"","format":"standard","meta":{"footnotes":""},"categories":[1],"tags":[],"class_list":["post-91","post","type-post","status-publish","format-standard","hentry","category-uncategorized"],"_links":{"self":[{"href":"http:\/\/aaad13.de\/index.php?rest_route=\/wp\/v2\/posts\/91","targetHints":{"allow":["GET"]}}],"collection":[{"href":"http:\/\/aaad13.de\/index.php?rest_route=\/wp\/v2\/posts"}],"about":[{"href":"http:\/\/aaad13.de\/index.php?rest_route=\/wp\/v2\/types\/post"}],"author":[{"embeddable":true,"href":"http:\/\/aaad13.de\/index.php?rest_route=\/wp\/v2\/users\/2"}],"replies":[{"embeddable":true,"href":"http:\/\/aaad13.de\/index.php?rest_route=%2Fwp%2Fv2%2Fcomments&post=91"}],"version-history":[{"count":3,"href":"http:\/\/aaad13.de\/index.php?rest_route=\/wp\/v2\/posts\/91\/revisions"}],"predecessor-version":[{"id":96,"href":"http:\/\/aaad13.de\/index.php?rest_route=\/wp\/v2\/posts\/91\/revisions\/96"}],"wp:attachment":[{"href":"http:\/\/aaad13.de\/index.php?rest_route=%2Fwp%2Fv2%2Fmedia&parent=91"}],"wp:term":[{"taxonomy":"category","embeddable":true,"href":"http:\/\/aaad13.de\/index.php?rest_route=%2Fwp%2Fv2%2Fcategories&post=91"},{"taxonomy":"post_tag","embeddable":true,"href":"http:\/\/aaad13.de\/index.php?rest_route=%2Fwp%2Fv2%2Ftags&post=91"}],"curies":[{"name":"wp","href":"https:\/\/api.w.org\/{rel}","templated":true}]}}