{"id":331,"date":"2015-06-04T22:42:30","date_gmt":"2015-06-04T20:42:30","guid":{"rendered":"http:\/\/aaad13.de\/?p=331"},"modified":"2015-06-04T23:37:12","modified_gmt":"2015-06-04T21:37:12","slug":"04-06-2013-kurz-die-letzten-tage","status":"publish","type":"post","link":"http:\/\/aaad13.de\/?p=331","title":{"rendered":"Norwegen 2015 (Do, 04.06.) &#8211; Kurz die letzten Tage"},"content":{"rendered":"<p>Hallo Ihr Lieben, da hatte ich nun Internet-Guthaben und Netz und trotzdem keine Zeit&#8230; Der Tagesrhythmus hier ist stark nach hinten verschoben und alle genie\u00dfen das lange Tageslicht&#8230; In dem Zusammenhang: Wenn wir an das Ende von einem Tunnel kommen,\u00a0 freut sich Sohnemann jedes Mal &#8222;Ich sehe das Morgenlicht&#8220;&#8230; \ud83d\ude42<\/p>\n<p>&nbsp;<\/p>\n<p>Wir sind seit gestern in Lom, wieder in einer kleinen Campingplatz-H\u00fctte. Auch hier wieder ein kleiner Kulturschock nach den letzten beiden (billigereren) gro\u00dfen H\u00e4usern. Aber inzwischen geht es und wir hatten heute einen sch\u00f6nen sonnigen Tag auf dem Spielplatz hier. Zusammen mit einer weiteren deutschen Elternzeit-Familie.<\/p>\n<p>Am Nachmittag sind wir noch durch den Ort spaziert und zum &#8222;Steinsenter&#8220;. Museum und Shop und ohne Risiko, da kein Eintritt. Ddas hatte zum Gl\u00fcck bis 5 auf, statt wie dran stand nur bis 4.<\/p>\n<p>Anschlie\u00dfend haben wir drau\u00dfen eine Art Sandkasten entdeckt mit einem Schild, dass man sich ein paar Steine mitnehmen kann. Die Entscheidungsfindung hat eine Weile gedauert, aber wir haben einige gefunden, bei denen wir auch \u00fcberlegt hatten, sie zu kaufen&#8230; Schien Ausschuss zu sein, manche waren schon ein wenig bearbeitet.<\/p>\n<p>Eigentlich wollten wir noch eine dritte Nacht hier bleiben und mit Fjellmuseum, Heimatmuseum und diversen Wanderungen h\u00e4tte man sich auch gut die Zeit vertreiben k\u00f6nnen,\u00a0 aber \u00fcber das WE ist schon alles ausgebucht.<\/p>\n<p>Es folgen also noch 2 N\u00e4chte Zwischenstopp auf dem Weg nach Oslo.<\/p>\n<p>&nbsp;<\/p>\n<p>R\u00fcckblick:<\/p>\n<p>Vagsoy:<\/p>\n<p>Erste Tag, wie schon geschrieben,\u00a0 Kannesteinen und Krakenes Fyr.<\/p>\n<p>2. Tag: Sturm und Regen. Die Kinder sind dennoch die meiste Zeit drau\u00dfen und D. genie\u00dft Kaminfeuerchen. Hier gibt es n\u00e4mlich Holz. Auf Runde hatten wir auch Ofen, aber kein Holz.<\/p>\n<p>3. Tag: Refviksanden &#8211; einer der sch\u00f6nsten Sandstr\u00e4nde Norwegens oder so &#8211; und Wanderung zum Skongenes Fyr. Eigentlich ne Stunde f\u00fcr eine Richtung. Wir haben 1,5 gebraucht. Das war heftig anstrengend,\u00a0 komplett durch Matsch und viel Steigung. Sohnemann hat sich tragen lassen,\u00a0 weil er inzwischen ein Mittagstief hat. Er ist aber nicht eingeschlafen,\u00a0 also auch zur\u00fcck tragen. Dann schlief er. Die Kleinste hat auch viel geschlafen und am Leuchtturm getrunken und ein bisschen gekrabbelt. Das hat also wieder mal richtig gut geklappt. Aber meine Kamera,\u00a0 die ich nur mitgeschleppt und wegen den vielen Regenschauern gar nicht benutzt habe, war dieses Mal irgendwie extrem schwer. Am Leuchtturm (sch\u00f6ner als der Krakenes Leuchtturm) war zum Gl\u00fcck gerade gutes Wetter. T\u00f6chterchen ist alles richtig super gelaufen. Gro\u00dfes Lob!<\/p>\n<p>Also eigentlich ist das eine sch\u00f6ne Tour, auch landschaftlich,\u00a0 nur f\u00fcr uns an diesem Tag nicht \ud83d\ude42<\/p>\n<p>Der n\u00e4chsteTag war wieder Hauswechsel. Bei Dauerregen. Wir hatten Lom geplant,\u00a0 mussten deshalb wieder durch Stryn und konnten dieses Mal das Gletscherzentrum besuchen. Kein Eintritt, sehr interessant (es gab mehrere Katastrophen im letzten Jahrhundert: Tsunamis, ausgel\u00f6st durch Steinlawinen; Tiere und Pflanzen), au\u00dferdem Souvenirs und Imbiss. Waren doch recht lange da drin, so dass erst halb 7 hier in Lom angekommen.<\/p>\n<p>Die Kleinste hat so viel geschlafen unterwegs, dass sie hier erst mal ein paar Stunden wach war. Und so kam es, dass ich trotz kostenlosem WLAN nichts mehr geschrieben hatte und es jetzt auch nur schnell im Handy eintippe &#8211; deshalb ohne Bilder&#8230; \ud83d\ude09<\/p>\n<p>&nbsp;<\/p>\n<p>&nbsp;<\/p>\n<p>&nbsp;<\/p>\n<p>&nbsp;<\/p>\n<p>&nbsp;<\/p>\n<p>&nbsp;<\/p>\n<p>&nbsp;<\/p>\n<p>&nbsp;<\/p>\n<p>&nbsp;<\/p>\n<p>&nbsp;<\/p>\n<p>&nbsp;<\/p>\n<p>&nbsp;<\/p>\n<p>&nbsp;<\/p>\n<p>&nbsp;<\/p>\n<p>&nbsp;<\/p>\n<p>&nbsp;<\/p>\n<p>&nbsp;<\/p>\n<p>&nbsp;<\/p>\n<p>&nbsp;<\/p>\n<p>&nbsp;<\/p>\n","protected":false},"excerpt":{"rendered":"<p>Hallo Ihr Lieben, da hatte ich nun Internet-Guthaben und Netz und trotzdem keine Zeit&#8230; Der Tagesrhythmus hier ist stark nach hinten verschoben und alle genie\u00dfen das lange Tageslicht&#8230; In dem Zusammenhang: Wenn wir an das Ende von einem Tunnel kommen,\u00a0 freut sich Sohnemann jedes Mal &#8222;Ich sehe das Morgenlicht&#8220;&#8230; \ud83d\ude42 &nbsp; Wir sind seit gestern [&hellip;]<\/p>\n","protected":false},"author":2,"featured_media":0,"comment_status":"open","ping_status":"closed","sticky":false,"template":"","format":"standard","meta":{"footnotes":""},"categories":[11],"tags":[],"class_list":["post-331","post","type-post","status-publish","format-standard","hentry","category-norwegen"],"_links":{"self":[{"href":"http:\/\/aaad13.de\/index.php?rest_route=\/wp\/v2\/posts\/331","targetHints":{"allow":["GET"]}}],"collection":[{"href":"http:\/\/aaad13.de\/index.php?rest_route=\/wp\/v2\/posts"}],"about":[{"href":"http:\/\/aaad13.de\/index.php?rest_route=\/wp\/v2\/types\/post"}],"author":[{"embeddable":true,"href":"http:\/\/aaad13.de\/index.php?rest_route=\/wp\/v2\/users\/2"}],"replies":[{"embeddable":true,"href":"http:\/\/aaad13.de\/index.php?rest_route=%2Fwp%2Fv2%2Fcomments&post=331"}],"version-history":[{"count":4,"href":"http:\/\/aaad13.de\/index.php?rest_route=\/wp\/v2\/posts\/331\/revisions"}],"predecessor-version":[{"id":355,"href":"http:\/\/aaad13.de\/index.php?rest_route=\/wp\/v2\/posts\/331\/revisions\/355"}],"wp:attachment":[{"href":"http:\/\/aaad13.de\/index.php?rest_route=%2Fwp%2Fv2%2Fmedia&parent=331"}],"wp:term":[{"taxonomy":"category","embeddable":true,"href":"http:\/\/aaad13.de\/index.php?rest_route=%2Fwp%2Fv2%2Fcategories&post=331"},{"taxonomy":"post_tag","embeddable":true,"href":"http:\/\/aaad13.de\/index.php?rest_route=%2Fwp%2Fv2%2Ftags&post=331"}],"curies":[{"name":"wp","href":"https:\/\/api.w.org\/{rel}","templated":true}]}}