{"id":319,"date":"2015-06-01T01:14:07","date_gmt":"2015-05-31T23:14:07","guid":{"rendered":"http:\/\/aaad13.de\/?p=319"},"modified":"2015-06-01T01:14:07","modified_gmt":"2015-05-31T23:14:07","slug":"norwegen-2015-do-28-05-solo-wanderung-die-zweite","status":"publish","type":"post","link":"http:\/\/aaad13.de\/?p=319","title":{"rendered":"Norwegen 2015 (Do, 28.05.) \u2013 Solo-Wanderung, die zweite"},"content":{"rendered":"<h6><em>AT<\/em><\/h6>\n<h2><span style=\"color: #000000;\">Do, 28.05.2015 \u2013 Runde: Vogelfelsen<\/span><\/h2>\n<p>Ich gehe tats\u00e4chlich alleine auf Wanderung. Allerdings nicht um die ganze Insel, sondern nur auf der einen Seite hoch und auf der anderen wieder runter. Die Stra\u00dfe unten werde ich chauffiert.<\/p>\n<p>13:30 versuche ich noch mal, die Kleinste zu stillen. Allzu viel trinkt sie nicht, aber ein bisschen.<\/p>\n<p>Start 13:45. Ich soll, will und muss(?) es in zwei Stunden schaffen. Vorsichtshalber hat D. aber ein Fl\u00e4schchen vorbereitet. Die anderen bleiben zur\u00fcck und spielen am Steinufer.<a href=\"http:\/\/aaad13.de\/wp-content\/uploads\/2015\/06\/20150528_134106.jpg\"><img loading=\"lazy\" decoding=\"async\" class=\"alignnone size-medium wp-image-320\" src=\"http:\/\/aaad13.de\/wp-content\/uploads\/2015\/06\/20150528_134106-300x225.jpg\" alt=\"20150528_134106\" width=\"300\" height=\"225\" srcset=\"http:\/\/aaad13.de\/wp-content\/uploads\/2015\/06\/20150528_134106-300x225.jpg 300w, http:\/\/aaad13.de\/wp-content\/uploads\/2015\/06\/20150528_134106.jpg 512w\" sizes=\"auto, (max-width: 300px) 100vw, 300px\" \/><\/a><\/p>\n<p>Der Aufstieg durch den Nadelwaldhang ist super steil, super anstrengend und super sch\u00f6n! D. hatte sooo recht. Steine, so gro\u00df, dass man mit H\u00e4nden helfen muss, Wurzeln, Tannennadeln, gute Luft, toller Blick zur\u00fcck \u2013 und die Sonne scheint mich doch nicht zu verlassen. Der Weg macht Spa\u00df und die Vorfreude auf oben l\u00e4sst mich durchhalten.<\/p>\n<p>Aber mit Kindern \u2013 weder tragen, noch selber laufen \u2013 w\u00e4re das nicht m\u00f6glich gewesen, das stimmt.<\/p>\n<p>Das Sch\u00f6nste: Diese Stille!\u00a0\u00a0 \ud83d\ude42<\/p>\n<p>Zwischendurch habe ich mir doch einen der Wanderst\u00f6cke zur Erleichterung genommen.<\/p>\n<p><a href=\"http:\/\/aaad13.de\/wp-content\/uploads\/2015\/06\/20150528_135201.jpg\"><img loading=\"lazy\" decoding=\"async\" class=\"alignnone size-medium wp-image-321\" src=\"http:\/\/aaad13.de\/wp-content\/uploads\/2015\/06\/20150528_135201-300x225.jpg\" alt=\"20150528_135201\" width=\"300\" height=\"225\" srcset=\"http:\/\/aaad13.de\/wp-content\/uploads\/2015\/06\/20150528_135201-300x225.jpg 300w, http:\/\/aaad13.de\/wp-content\/uploads\/2015\/06\/20150528_135201.jpg 512w\" sizes=\"auto, (max-width: 300px) 100vw, 300px\" \/><\/a>\u00a0\u00a0 <a href=\"http:\/\/aaad13.de\/wp-content\/uploads\/2015\/06\/20150528_140741.jpg\"><img loading=\"lazy\" decoding=\"async\" class=\"alignnone size-medium wp-image-322\" src=\"http:\/\/aaad13.de\/wp-content\/uploads\/2015\/06\/20150528_140741-225x300.jpg\" alt=\"20150528_140741\" width=\"225\" height=\"300\" srcset=\"http:\/\/aaad13.de\/wp-content\/uploads\/2015\/06\/20150528_140741-225x300.jpg 225w, http:\/\/aaad13.de\/wp-content\/uploads\/2015\/06\/20150528_140741.jpg 384w\" sizes=\"auto, (max-width: 225px) 100vw, 225px\" \/><\/a><\/p>\n<p>Das steilste St\u00fcck ist auch f\u00fcr mich recht schnell geschafft, dann geht es \u00fcber einen Wiesenhang weiter hoch, aber das ist schon nicht mehr der Rede wert. Ab jetzt genie\u00dfe ich richtig. Es sieht oft so ewig weit aus, aber wenn man dann l\u00e4uft, ist man schneller da, als bef\u00fcrchtet. Und da wir hier oben schon einige Zeit-Erfahrungen gemacht haben, wei\u00df ich, dass ich ganz in Ruhe gucken, fotografieren und genie\u00dfen kann.<\/p>\n<p>Dann kommt von hinten pl\u00f6tzlich ein Seeadler vorbei. So schnell hab ich die Kamera leider nicht drau\u00dfen, dann ist er zu hoch. D. und die Kinder haben ihn vorher auch gesehen. Nach der Wiese kommt die typische Fjell-Landschaft. Niedere Str\u00e4ucher, Steine, ein paar kleine Seen \u2013 toll!<\/p>\n<p><a href=\"http:\/\/aaad13.de\/wp-content\/uploads\/2015\/06\/20150528_142123.jpg\"><img loading=\"lazy\" decoding=\"async\" class=\"alignnone size-medium wp-image-323\" src=\"http:\/\/aaad13.de\/wp-content\/uploads\/2015\/06\/20150528_142123-300x225.jpg\" alt=\"20150528_142123\" width=\"300\" height=\"225\" srcset=\"http:\/\/aaad13.de\/wp-content\/uploads\/2015\/06\/20150528_142123-300x225.jpg 300w, http:\/\/aaad13.de\/wp-content\/uploads\/2015\/06\/20150528_142123.jpg 512w\" sizes=\"auto, (max-width: 300px) 100vw, 300px\" \/><\/a>\u00a0\u00a0 <a href=\"http:\/\/aaad13.de\/wp-content\/uploads\/2015\/06\/DSCF8818.jpg\"><img loading=\"lazy\" decoding=\"async\" class=\"alignnone size-medium wp-image-324\" src=\"http:\/\/aaad13.de\/wp-content\/uploads\/2015\/06\/DSCF8818-300x225.jpg\" alt=\"DSCF8818\" width=\"300\" height=\"225\" srcset=\"http:\/\/aaad13.de\/wp-content\/uploads\/2015\/06\/DSCF8818-300x225.jpg 300w, http:\/\/aaad13.de\/wp-content\/uploads\/2015\/06\/DSCF8818-624x468.jpg 624w, http:\/\/aaad13.de\/wp-content\/uploads\/2015\/06\/DSCF8818.jpg 698w\" sizes=\"auto, (max-width: 300px) 100vw, 300px\" \/><\/a><\/p>\n<p>Der Weg geht sehr oft verdammt nah (nur 1 bis 2 Meter) am Abgrund entlang. Ich selbst habe damit kein Problem, vermute aber, f\u00fcr Menschen mit H\u00f6henangst ist das nichts. Und f\u00fcr Kinder, die schnell mal zu kleinen w\u00fctenden Teufelchen werden, auch nicht.<\/p>\n<p>Von den vielen Pfaden, die hier abzweigen sollen, ist nichts zu sehen. Die m\u00fcssen wohl erst wieder getrampelt werden\u2026<\/p>\n<p>An dem Punkt, wo wir am Montagabend die Papageientaucher gesehen haben, habe ich noch ca. 20 Min. Zeit, bevor ich den Rest des Weges antreten muss. Vorher kam auch keine bessere Beobachtungsstelle, so dass wir am Montag also richtig waren.<\/p>\n<p>Das dicke Fernglas aus dem Haus ist super, so wird es tats\u00e4chlich interessant, die V\u00f6gel zu beobachten. Ich entdecke ganz viele der schwarzen V\u00f6gel auf dem Wasser schwimmend. Die M\u00f6wen sind am meisten unterwegs. Wenn man genau hin h\u00f6rt, ahnt man, dass 200-300m tiefer tats\u00e4chlich ein lautes Gekreische herrschen muss. Ich hatte mir im Vorfeld eingebildet, dass das auf dem ganzen Hang so w\u00e4re.<\/p>\n<p>Mit mir zusammen sind heute nur etwa eine Handvoll Leute hier oben. Ein paar vermutliche Papageientaucher sehe ich durch das Fernglas auch. Wenn die fliegen, sind die nicht so leicht zu erkennen. Auf Island war das einfacher, da waren die plump und wirkten unbeholfen und wenn die losgeflogen sind, dachte man immer, &#8222;hoffentlich schaffen die das und st\u00fcrzen nicht ab\u2026&#8220; Die hier wirken gr\u00f6\u00dfer, schneller und eleganter.<\/p>\n<p>Ruck zuck ist die Zeit um und ich schicke D. \u2018ne sms, dass ich den R\u00fcckweg antrete, die nicht ankommt. Und den Weg finde ich dann auch nicht\u2026 Ich tigere ein wenig hin und her, laufe ein St\u00fcck querfeldein, das bringt aber auch nichts, und sehe dann doch noch mal auf den Wegweiser bei der Seil-Absperrung, obwohl ich ganz sicher bin, dass wir an keinem Seil vorbei mussten\u2026 Nunja \u2013 Stilldemenz \ud83d\ude09<\/p>\n<p>Der Hang ist ohne Manduca auf dem Bauch schnell geschafft. Ich schicke D. am Beginn des Schotterweges noch eine sms, die auch wieder nicht ankommt. Das wei\u00df ich aber nicht. Als ich auf dem asphaltierten St\u00fcckchen ankomme, sehe ich das Auto herfahren. Das passt ja super. D. f\u00e4hrt vorbei, ich biege also unten nach links ab, um ihm entgegenzulaufen. Dann erfahre ich erst, dass alle meine sms nicht angekommen sind und diese zeitliche Pr\u00e4zision absoluter Zufall ist\u2026 Es ist kurz vor 4 und mein selbstgestecktes Ziel habe ich nur um 10 Minuten gerissen. Die Kleinste hatte bei D. sofort in der Manduca f\u00fcr 1,5h geschlafen, war jetzt wach und quietschvergn\u00fcgt. Die Gro\u00dfen sind auch gut drauf.<\/p>\n<p>Ich bin happy und allen dankbar, dass ich diese Tour machen konnte. Ich habe in dieser Woche unsere Reise \u00f6fter mal in Frage gestellt, nun wei\u00df ich wieder, warum wir hier sind und wof\u00fcr sich so manche Anstrengung lohnt.<\/p>\n<p>Als wir zur\u00fcck am Haus\u00a0 sind, bleiben die Kinder wieder drau\u00dfen und genie\u00dfen ihren etwas gr\u00f6\u00dferen Aktionsradius, den sie hier haben.<\/p>\n<p><a href=\"http:\/\/aaad13.de\/wp-content\/uploads\/2015\/06\/DSCF8851.jpg\"><img loading=\"lazy\" decoding=\"async\" class=\"alignnone size-medium wp-image-325\" src=\"http:\/\/aaad13.de\/wp-content\/uploads\/2015\/06\/DSCF8851-300x225.jpg\" alt=\"DSCF8851\" width=\"300\" height=\"225\" srcset=\"http:\/\/aaad13.de\/wp-content\/uploads\/2015\/06\/DSCF8851-300x225.jpg 300w, http:\/\/aaad13.de\/wp-content\/uploads\/2015\/06\/DSCF8851-624x468.jpg 624w, http:\/\/aaad13.de\/wp-content\/uploads\/2015\/06\/DSCF8851.jpg 698w\" sizes=\"auto, (max-width: 300px) 100vw, 300px\" \/><\/a>\u00a0\u00a0 <a href=\"http:\/\/aaad13.de\/wp-content\/uploads\/2015\/06\/DSCF8852.jpg\"><img loading=\"lazy\" decoding=\"async\" class=\"alignnone size-medium wp-image-326\" src=\"http:\/\/aaad13.de\/wp-content\/uploads\/2015\/06\/DSCF8852-300x225.jpg\" alt=\"DSCF8852\" width=\"300\" height=\"225\" srcset=\"http:\/\/aaad13.de\/wp-content\/uploads\/2015\/06\/DSCF8852-300x225.jpg 300w, http:\/\/aaad13.de\/wp-content\/uploads\/2015\/06\/DSCF8852-624x468.jpg 624w, http:\/\/aaad13.de\/wp-content\/uploads\/2015\/06\/DSCF8852.jpg 698w\" sizes=\"auto, (max-width: 300px) 100vw, 300px\" \/><\/a><\/p>\n","protected":false},"excerpt":{"rendered":"<p>AT Do, 28.05.2015 \u2013 Runde: Vogelfelsen Ich gehe tats\u00e4chlich alleine auf Wanderung. Allerdings nicht um die ganze Insel, sondern nur auf der einen Seite hoch und auf der anderen wieder runter. Die Stra\u00dfe unten werde ich chauffiert. 13:30 versuche ich noch mal, die Kleinste zu stillen. Allzu viel trinkt sie nicht, aber ein bisschen. Start [&hellip;]<\/p>\n","protected":false},"author":2,"featured_media":0,"comment_status":"open","ping_status":"closed","sticky":false,"template":"","format":"standard","meta":{"footnotes":""},"categories":[11],"tags":[],"class_list":["post-319","post","type-post","status-publish","format-standard","hentry","category-norwegen"],"_links":{"self":[{"href":"http:\/\/aaad13.de\/index.php?rest_route=\/wp\/v2\/posts\/319","targetHints":{"allow":["GET"]}}],"collection":[{"href":"http:\/\/aaad13.de\/index.php?rest_route=\/wp\/v2\/posts"}],"about":[{"href":"http:\/\/aaad13.de\/index.php?rest_route=\/wp\/v2\/types\/post"}],"author":[{"embeddable":true,"href":"http:\/\/aaad13.de\/index.php?rest_route=\/wp\/v2\/users\/2"}],"replies":[{"embeddable":true,"href":"http:\/\/aaad13.de\/index.php?rest_route=%2Fwp%2Fv2%2Fcomments&post=319"}],"version-history":[{"count":3,"href":"http:\/\/aaad13.de\/index.php?rest_route=\/wp\/v2\/posts\/319\/revisions"}],"predecessor-version":[{"id":329,"href":"http:\/\/aaad13.de\/index.php?rest_route=\/wp\/v2\/posts\/319\/revisions\/329"}],"wp:attachment":[{"href":"http:\/\/aaad13.de\/index.php?rest_route=%2Fwp%2Fv2%2Fmedia&parent=319"}],"wp:term":[{"taxonomy":"category","embeddable":true,"href":"http:\/\/aaad13.de\/index.php?rest_route=%2Fwp%2Fv2%2Fcategories&post=319"},{"taxonomy":"post_tag","embeddable":true,"href":"http:\/\/aaad13.de\/index.php?rest_route=%2Fwp%2Fv2%2Ftags&post=319"}],"curies":[{"name":"wp","href":"https:\/\/api.w.org\/{rel}","templated":true}]}}