{"id":232,"date":"2015-05-23T01:29:38","date_gmt":"2015-05-22T23:29:38","guid":{"rendered":"http:\/\/aaad13.de\/?p=232"},"modified":"2015-05-25T00:57:44","modified_gmt":"2015-05-24T22:57:44","slug":"norwegen-2015-weiterfahrt-bei-dauerregen","status":"publish","type":"post","link":"http:\/\/aaad13.de\/?p=232","title":{"rendered":"Norwegen 2015 &#8211; Weiterfahrt bei Dauerregen"},"content":{"rendered":"<h6><em>AT<br \/>\n<\/em><\/h6>\n<h2><span style=\"color: #000000;\">Fr, 22.05.2015 &#8211; Luster &#8211; Strynsvatn Camping<\/span><\/h2>\n<p>Heute m\u00fcssen wir weiter reisen. Das ist nicht wirklich schlimm, denn es regnet und man sieht von der Landschaft ringsum kaum etwas. Au\u00dfer ziemlich vielen Wolken, einige h\u00e4ngen direkt \u00fcber dem Fjord vor den gegen\u00fcberliegenden Bergen. 12 m\u00fcssen wir hier weg sein, dann werden die H\u00fctten wir die heutige Hochzeitsgesellschaft gebraucht. Als wir halb 12 los fahren, sehen wir, dass vor der Halbinsel mit dem Zaun St\u00fchle unter freiem Himmel aufgereiht sind. Ob die Zeremonie dort stattfinden soll? Die Armen\u2026<\/p>\n<p><a href=\"http:\/\/aaad13.de\/wp-content\/uploads\/2015\/05\/20150522_112009.jpg\"><img loading=\"lazy\" decoding=\"async\" class=\"alignnone size-medium wp-image-236\" src=\"http:\/\/aaad13.de\/wp-content\/uploads\/2015\/05\/20150522_112009-300x225.jpg\" alt=\"20150522_112009\" width=\"300\" height=\"225\" srcset=\"http:\/\/aaad13.de\/wp-content\/uploads\/2015\/05\/20150522_112009-300x225.jpg 300w, http:\/\/aaad13.de\/wp-content\/uploads\/2015\/05\/20150522_112009.jpg 512w\" sizes=\"auto, (max-width: 300px) 100vw, 300px\" \/><\/a>\u00a0\u00a0 <a href=\"http:\/\/aaad13.de\/wp-content\/uploads\/2015\/05\/DSCF8477.jpg\"><img loading=\"lazy\" decoding=\"async\" class=\"alignnone size-medium wp-image-244\" src=\"http:\/\/aaad13.de\/wp-content\/uploads\/2015\/05\/DSCF8477-300x225.jpg\" alt=\"DSCF8477\" width=\"300\" height=\"225\" srcset=\"http:\/\/aaad13.de\/wp-content\/uploads\/2015\/05\/DSCF8477-300x225.jpg 300w, http:\/\/aaad13.de\/wp-content\/uploads\/2015\/05\/DSCF8477-624x468.jpg 624w, http:\/\/aaad13.de\/wp-content\/uploads\/2015\/05\/DSCF8477.jpg 698w\" sizes=\"auto, (max-width: 300px) 100vw, 300px\" \/><\/a><\/p>\n<p><a href=\"http:\/\/aaad13.de\/wp-content\/uploads\/2015\/05\/20150522_101007.jpg\"><img loading=\"lazy\" decoding=\"async\" class=\"alignnone size-medium wp-image-235\" src=\"http:\/\/aaad13.de\/wp-content\/uploads\/2015\/05\/20150522_101007-225x300.jpg\" alt=\"20150522_101007\" width=\"225\" height=\"300\" srcset=\"http:\/\/aaad13.de\/wp-content\/uploads\/2015\/05\/20150522_101007-225x300.jpg 225w, http:\/\/aaad13.de\/wp-content\/uploads\/2015\/05\/20150522_101007.jpg 384w\" sizes=\"auto, (max-width: 225px) 100vw, 225px\" \/><\/a><\/p>\n<p>Im Auto gibt es direkt die Mittagsschnitten. Auf der Strecke zwischen Sogndal und Skei regnet es noch st\u00e4rker. Aber es geht hoch. Und somit gef\u00e4llt uns die Landschaft wieder besser. Rechts und links liegt noch Schnee. Wir fahren an einem See vorbei, der noch teilweise zugefroren ist. Zwischendrin sind Risse im Eis, quer durch, wie mit dem Lineal gezogen\u2026 Kurz bevor ei n 7 km langer Tunnel kommt und wir \u00fcberlegen, ob wir die Kleinste mit der Babyschale wieder vor holen, schl\u00e4ft sie ein. Im Tunnel geht es bergab und dahinter sind wir wieder unter der Schneegrenze. Die Regenwolken h\u00e4ngen uns nun fast auf dem Autodach.<\/p>\n<p>Das Autofahren klappt oft ganz gut: Anfangs k\u00fcmmert sich T\u00f6chterchen um die Kleinste und Sohnemann guckt raus und erz\u00e4hlt voller Begeisterung, was er alles sieht. Wenn die Kleinste schl\u00e4ft, spielen die Gro\u00dfen miteinander.<\/p>\n<p>Wir fahren durch ein sch\u00f6nes Hochtal \u2013 eng, mit einem Fluss, gro\u00dfen Steinen, steile Berge, zwischendrin knorrige B\u00e4ume. Irgendwie zieht sich die Fahrt aber. Nun wird eine Pause notwendig, die Kinder werden albern und das st\u00f6rt uns beim Fahren. Also halbe Stunde Pause in Byrkjelo. Die Kleinste wird w\u00e4hrenddessen auch wieder wach. Sie muss nat\u00fcrlich auch immer noch klettern. Und ein bisschen getrunken hat sie auch noch. D. hatte in der Zeit das Vergn\u00fcgen auf dem Beifahrersitz \u2013 mit beiden Gro\u00dfen gleichzeitig\u2026<\/p>\n<p>14:00 fahren wir weiter. Mal sehen, wie lange wir bis Stryn noch brauchen, wir m\u00f6chten noch ins Gletscherzentrum. Deshalb haben wir uns dies als n\u00e4chsten \u00dcbernachtungszwischenstopp ausgesucht.<\/p>\n<p>Hinter Byrkjelo geht es wieder hoch , an einem Skigebiet vorbei (2\u00b0C). Aber sehr sch\u00f6n ist es hier \u2013 vermuten wir durch den Regen hindurch\u2026<\/p>\n<p>Hinter Stryn sehen wir im Vorbeifahren nach m\u00f6glichen Campingpl\u00e4tzen. An einem halten wir kurz und fragen nach Preisen und ob was frei ist. Danach noch mal Halt, da die Kleinste weint. Vermutlich Hunger. Ach nee, sie stinkt\u2026 Die Gro\u00dfen sind unzufrieden, daf\u00fcr machen sie aber gut mit. Und so erreichen wir 10 vor 4 doch noch das Gletscherzentrum \u201eJostedalsbreen Nasjonalparksenter\u201c bei 6\u00b0C.<\/p>\n<p>Es regnet in Str\u00f6men. Das Center hat grunds\u00e4tzlich offen. Nur nicht am 21. und 22.Mai\u2026 Aber es ist von au\u00dfen auch viel zu sehen (bin ich der Meinung) und so steigen Daniel und die Kinder aus. Mit Regensachen ist das normalerweise kein Problem. Aber allen ist kalt und sie kommen ganz schnell zur\u00fcck. Das hat sich also nicht gelohnt. Etwas zu Naschen haben sie sich aber verdient nach der langen Fahrt. Die Kleinste durfte wieder auf meinem Scho\u00df toben und aus dem Fenster sehen.<\/p>\n<p><a href=\"http:\/\/aaad13.de\/wp-content\/uploads\/2015\/05\/20150522_155832.jpg\"><img loading=\"lazy\" decoding=\"async\" class=\"alignnone size-medium wp-image-237\" src=\"http:\/\/aaad13.de\/wp-content\/uploads\/2015\/05\/20150522_155832-300x225.jpg\" alt=\"20150522_155832\" width=\"300\" height=\"225\" srcset=\"http:\/\/aaad13.de\/wp-content\/uploads\/2015\/05\/20150522_155832-300x225.jpg 300w, http:\/\/aaad13.de\/wp-content\/uploads\/2015\/05\/20150522_155832.jpg 512w\" sizes=\"auto, (max-width: 300px) 100vw, 300px\" \/><\/a><\/p>\n<p>Bei noch st\u00e4rkerem Regen fahren wir ein paar Minuten zum \u201eStrynsvatn Camping\u201c. Den hatte ich im Campingf\u00fchrer rausgesucht und er sah im Vorbeifahren ganz gut aus.<\/p>\n<p>Wir haben Gl\u00fcck, dass wir nur f\u00fcr eine Nacht eine H\u00fctte wollen, denn am WE ist ausgebucht, da das Sommerskigebiet dann ge\u00f6ffnet hat. Die Frau scheint uns unbedingt eine gro\u00dfe H\u00fctte mit Dusche und WC geben zu wollen (wir h\u00e4tten auch ne kleine ohne Wasser genommen, die Gemeinschaftssanit\u00e4ranlagen waren in Ordnung und beheizt) und macht uns nen guten Preis.<\/p>\n<p><a href=\"http:\/\/aaad13.de\/wp-content\/uploads\/2015\/05\/20150522_165417.jpg\"><img loading=\"lazy\" decoding=\"async\" class=\"alignnone size-medium wp-image-238\" src=\"http:\/\/aaad13.de\/wp-content\/uploads\/2015\/05\/20150522_165417-300x225.jpg\" alt=\"20150522_165417\" width=\"300\" height=\"225\" srcset=\"http:\/\/aaad13.de\/wp-content\/uploads\/2015\/05\/20150522_165417-300x225.jpg 300w, http:\/\/aaad13.de\/wp-content\/uploads\/2015\/05\/20150522_165417.jpg 512w\" sizes=\"auto, (max-width: 300px) 100vw, 300px\" \/><\/a><\/p>\n<h6><a href=\"http:\/\/aaad13.de\/wp-content\/uploads\/2015\/05\/20150522_171543.jpg\"><img loading=\"lazy\" decoding=\"async\" class=\"alignnone size-medium wp-image-240\" src=\"http:\/\/aaad13.de\/wp-content\/uploads\/2015\/05\/20150522_171543-300x225.jpg\" alt=\"20150522_171543\" width=\"300\" height=\"225\" srcset=\"http:\/\/aaad13.de\/wp-content\/uploads\/2015\/05\/20150522_171543-300x225.jpg 300w, http:\/\/aaad13.de\/wp-content\/uploads\/2015\/05\/20150522_171543.jpg 512w\" sizes=\"auto, (max-width: 300px) 100vw, 300px\" \/> \u00a0\u00a0<\/a> <a href=\"http:\/\/aaad13.de\/wp-content\/uploads\/2015\/05\/20150522_171453.jpg\"><img loading=\"lazy\" decoding=\"async\" class=\"alignnone size-medium wp-image-239\" src=\"http:\/\/aaad13.de\/wp-content\/uploads\/2015\/05\/20150522_171453-300x225.jpg\" alt=\"20150522_171453\" width=\"300\" height=\"225\" srcset=\"http:\/\/aaad13.de\/wp-content\/uploads\/2015\/05\/20150522_171453-300x225.jpg 300w, http:\/\/aaad13.de\/wp-content\/uploads\/2015\/05\/20150522_171453.jpg 512w\" sizes=\"auto, (max-width: 300px) 100vw, 300px\" \/><\/a> <span style=\"color: #999999;\"><em>Aufgrund der K\u00e4lte war wohl die Kamera beschlagen&#8230; Aber f\u00fcr einen Eindruck reichen die Fotos ja \ud83d\ude42<\/em><\/span><\/h6>\n<p><a href=\"http:\/\/aaad13.de\/wp-content\/uploads\/2015\/05\/20150522_171603.jpg\"><img loading=\"lazy\" decoding=\"async\" class=\"alignnone size-medium wp-image-241\" src=\"http:\/\/aaad13.de\/wp-content\/uploads\/2015\/05\/20150522_171603-225x300.jpg\" alt=\"20150522_171603\" width=\"225\" height=\"300\" srcset=\"http:\/\/aaad13.de\/wp-content\/uploads\/2015\/05\/20150522_171603-225x300.jpg 225w, http:\/\/aaad13.de\/wp-content\/uploads\/2015\/05\/20150522_171603.jpg 384w\" sizes=\"auto, (max-width: 225px) 100vw, 225px\" \/><\/a><\/p>\n<p>Den guten \u00dcbernachtungspreis verdienen wir uns im Nachhinein, denn die Heizung schmorrt durch und wir m\u00fcssen \u00fcber eine Stunde ausharren, ob wir eine neue Heizung oder ne andere H\u00fctte bekommen. Es ist die neue Heizung und die 12\u00b0C in der H\u00fctte geh\u00f6ren hoffentlich bald der Vergangenheit an.<\/p>\n<p>Um 6 k\u00f6nnen wir also loslegen mit Heizen, Einr\u00e4umen und Abendessen. Es sind 9\u00b0C drau\u00dfen und nun kommt auch die Sonne raus und der Regen h\u00f6rt f\u00fcr eine Weile auf. Richtig sch\u00f6n ist es nun.<\/p>\n<p><a href=\"http:\/\/aaad13.de\/wp-content\/uploads\/2015\/05\/20150522_190426.jpg\"><img loading=\"lazy\" decoding=\"async\" class=\"alignnone size-medium wp-image-242\" src=\"http:\/\/aaad13.de\/wp-content\/uploads\/2015\/05\/20150522_190426-300x225.jpg\" alt=\"20150522_190426\" width=\"300\" height=\"225\" srcset=\"http:\/\/aaad13.de\/wp-content\/uploads\/2015\/05\/20150522_190426-300x225.jpg 300w, http:\/\/aaad13.de\/wp-content\/uploads\/2015\/05\/20150522_190426.jpg 512w\" sizes=\"auto, (max-width: 300px) 100vw, 300px\" \/><\/a><\/p>\n<p>20:00 und ich hab immer noch kalte F\u00fc\u00dfe. Hier scheint zwar auch ein Schalter f\u00fcr eine Fu\u00dfbodenheizung zu sein, aber bisher haben wir noch nicht rausgefunden, wo die nun heizt.<\/p>\n<p>Wir haben gerade beschlossen, dass die Kinder noch auf den Spielplatz d\u00fcrfen. Aber nun regnet es wieder. Also spielt D. zuerst mit Sohnemann das Leiterspiel und die M\u00e4dels machen zusammen Quatsch. Ich kann im \u2013 noch kalten \u2013 Bad duschen gehen. Die Dusche ist erstaunlich gut, guter Wasserdruck und angenehm warm. Es h\u00e4tte zwar ruhig noch hei\u00dfer sein k\u00f6nnen, aber danach bin ich aufgetaut. W\u00e4hrend ich die beiden Kleinen bettfertig mache, spielt D. mit T\u00f6chterchen auch noch das Leiterspiel.<\/p>\n<p>22:15 vermuten wir, dass die Fu\u00dfbodenheizung tats\u00e4chlich f\u00fcr das Bad ist. Drau\u00dfen sind es noch 5\u00b0C. Und noch immer verschlingen Regenwolken die komplette Landschaft ringsum \u2013 man k\u00f6nnte auch im Mittelgebirge sein.<\/p>\n<p>W\u00e4hrend ich hier sitze und schreibe, sehe ich gerade (22:40), hier auf dem Tisch steht eine Vase mit echtem Nadelgr\u00fcn und Bl\u00fctenzweig. H\u00fcbsch! Inzwischen ist es auch in der H\u00fctte warm und man kann sich wohlf\u00fchlen.<\/p>\n<p><a href=\"http:\/\/aaad13.de\/wp-content\/uploads\/2015\/05\/20150523_112847.jpg\"><img loading=\"lazy\" decoding=\"async\" class=\"alignnone size-medium wp-image-243\" src=\"http:\/\/aaad13.de\/wp-content\/uploads\/2015\/05\/20150523_112847-225x300.jpg\" alt=\"20150523_112847\" width=\"225\" height=\"300\" srcset=\"http:\/\/aaad13.de\/wp-content\/uploads\/2015\/05\/20150523_112847-225x300.jpg 225w, http:\/\/aaad13.de\/wp-content\/uploads\/2015\/05\/20150523_112847.jpg 384w\" sizes=\"auto, (max-width: 225px) 100vw, 225px\" \/><\/a><\/p>\n","protected":false},"excerpt":{"rendered":"<p>AT Fr, 22.05.2015 &#8211; Luster &#8211; Strynsvatn Camping Heute m\u00fcssen wir weiter reisen. Das ist nicht wirklich schlimm, denn es regnet und man sieht von der Landschaft ringsum kaum etwas. Au\u00dfer ziemlich vielen Wolken, einige h\u00e4ngen direkt \u00fcber dem Fjord vor den gegen\u00fcberliegenden Bergen. 12 m\u00fcssen wir hier weg sein, dann werden die H\u00fctten wir [&hellip;]<\/p>\n","protected":false},"author":2,"featured_media":0,"comment_status":"open","ping_status":"closed","sticky":false,"template":"","format":"standard","meta":{"footnotes":""},"categories":[11],"tags":[],"class_list":["post-232","post","type-post","status-publish","format-standard","hentry","category-norwegen"],"_links":{"self":[{"href":"http:\/\/aaad13.de\/index.php?rest_route=\/wp\/v2\/posts\/232","targetHints":{"allow":["GET"]}}],"collection":[{"href":"http:\/\/aaad13.de\/index.php?rest_route=\/wp\/v2\/posts"}],"about":[{"href":"http:\/\/aaad13.de\/index.php?rest_route=\/wp\/v2\/types\/post"}],"author":[{"embeddable":true,"href":"http:\/\/aaad13.de\/index.php?rest_route=\/wp\/v2\/users\/2"}],"replies":[{"embeddable":true,"href":"http:\/\/aaad13.de\/index.php?rest_route=%2Fwp%2Fv2%2Fcomments&post=232"}],"version-history":[{"count":4,"href":"http:\/\/aaad13.de\/index.php?rest_route=\/wp\/v2\/posts\/232\/revisions"}],"predecessor-version":[{"id":246,"href":"http:\/\/aaad13.de\/index.php?rest_route=\/wp\/v2\/posts\/232\/revisions\/246"}],"wp:attachment":[{"href":"http:\/\/aaad13.de\/index.php?rest_route=%2Fwp%2Fv2%2Fmedia&parent=232"}],"wp:term":[{"taxonomy":"category","embeddable":true,"href":"http:\/\/aaad13.de\/index.php?rest_route=%2Fwp%2Fv2%2Fcategories&post=232"},{"taxonomy":"post_tag","embeddable":true,"href":"http:\/\/aaad13.de\/index.php?rest_route=%2Fwp%2Fv2%2Ftags&post=232"}],"curies":[{"name":"wp","href":"https:\/\/api.w.org\/{rel}","templated":true}]}}