{"id":217,"date":"2015-05-23T00:30:17","date_gmt":"2015-05-22T22:30:17","guid":{"rendered":"http:\/\/aaad13.de\/?p=217"},"modified":"2015-05-23T01:26:42","modified_gmt":"2015-05-22T23:26:42","slug":"norwegen-2015-wetterglueck-am-nigardsbreen","status":"publish","type":"post","link":"http:\/\/aaad13.de\/?p=217","title":{"rendered":"Norwegen 2015 &#8211; Wettergl\u00fcck am Nigardsbreen"},"content":{"rendered":"<h6><em>AT<\/em><\/h6>\n<h2><span style=\"color: #000000;\">Do, 21.05.2015 &#8211; Luster am Lustrafjorden: Nigardsbreen<\/span><\/h2>\n<p>Der Tag heute beginnt quasi mit Ausschlafen und wir packen in Ruhe f\u00fcr die Wanderung. Die Kleinste &#8222;musste&#8220; dabei in die Manduca, aber jetzt geht es ihr besser. Sie kuschelt, guckt, schl\u00e4ft aber noch nicht ein. Und auch die Gro\u00dfen haben sich friedlich mit L\u00f6wenzahn pfl\u00fccken und dem kleinen Rasentraktor zusehen besch\u00e4ftigt. Nun schm\u00fccken viele sch\u00f6ne L\u00f6wenzahnstr\u00e4u\u00dfe unsere Terrasse.<\/p>\n<p><a href=\"http:\/\/aaad13.de\/wp-content\/uploads\/2015\/05\/DSCF8397.jpg\"><img loading=\"lazy\" decoding=\"async\" class=\"alignnone size-medium wp-image-221\" src=\"http:\/\/aaad13.de\/wp-content\/uploads\/2015\/05\/DSCF8397-300x225.jpg\" alt=\"DSCF8397\" width=\"300\" height=\"225\" srcset=\"http:\/\/aaad13.de\/wp-content\/uploads\/2015\/05\/DSCF8397-300x225.jpg 300w, http:\/\/aaad13.de\/wp-content\/uploads\/2015\/05\/DSCF8397-624x468.jpg 624w, http:\/\/aaad13.de\/wp-content\/uploads\/2015\/05\/DSCF8397.jpg 698w\" sizes=\"auto, (max-width: 300px) 100vw, 300px\" \/><\/a><\/p>\n<p>Im Auto weint die Kleinste in der Babyschale. Hunger? Nun sie trinkt erstmal ne ordentliche Portion, anschlie\u00dfend schafft es T\u00f6chterchen, sie abzulenken, so dass wir um 11:00 losfahren k\u00f6nnen. Das Wetter war bisher sch\u00f6n, fast sonnig, bei 13\u00b0C. Jetzt zieht es langsam zu.<\/p>\n<p>Der Weg in das Tal zum Gletscher zieht sich. Die Vegetation wird &#8211; f\u00fcr uns &#8211; sch\u00f6ner und wir ahnen, dass es uns gefallen wird. Je weiter man in das Tal hineinf\u00e4hrt, desto mehr Schneefelder liegen wie Eisschollen zwischen den B\u00e4umen. Es ist toll.<\/p>\n<p><a href=\"http:\/\/aaad13.de\/wp-content\/uploads\/2015\/05\/DSCF8405.jpg\"><img loading=\"lazy\" decoding=\"async\" class=\"alignnone size-medium wp-image-226\" src=\"http:\/\/aaad13.de\/wp-content\/uploads\/2015\/05\/DSCF8405-300x225.jpg\" alt=\"DSCF8405\" width=\"300\" height=\"225\" srcset=\"http:\/\/aaad13.de\/wp-content\/uploads\/2015\/05\/DSCF8405-300x225.jpg 300w, http:\/\/aaad13.de\/wp-content\/uploads\/2015\/05\/DSCF8405-624x468.jpg 624w, http:\/\/aaad13.de\/wp-content\/uploads\/2015\/05\/DSCF8405.jpg 698w\" sizes=\"auto, (max-width: 300px) 100vw, 300px\" \/><\/a>\u00a0\u00a0 <a href=\"http:\/\/aaad13.de\/wp-content\/uploads\/2015\/05\/DSCF84071.jpg\"><img loading=\"lazy\" decoding=\"async\" class=\"alignnone size-medium wp-image-222\" src=\"http:\/\/aaad13.de\/wp-content\/uploads\/2015\/05\/DSCF84071-300x225.jpg\" alt=\"DSCF8407\" width=\"300\" height=\"225\" srcset=\"http:\/\/aaad13.de\/wp-content\/uploads\/2015\/05\/DSCF84071-300x225.jpg 300w, http:\/\/aaad13.de\/wp-content\/uploads\/2015\/05\/DSCF84071-624x468.jpg 624w, http:\/\/aaad13.de\/wp-content\/uploads\/2015\/05\/DSCF84071.jpg 698w\" sizes=\"auto, (max-width: 300px) 100vw, 300px\" \/><\/a><\/p>\n<p>Nach einer Stunde Fahrt sind wir bei 8\u00b0C am Gletscherparkplatz. Ab hier geht es auf einem ca. einst\u00fcndigen Weg zu Fu\u00df weiter. Man sieht bereits den Gletscher. Er leuchtet blau, das Wasser im Gletschersee davor ist vorwiegend noch zugefroren, aber es gibt auch schon Eisschollen mit noch Schnee drauf. Sehr sch\u00f6n!<\/p>\n<p>Wir machen uns wetterfest und ziehen uns warm an. Alle bekommen Regenhosen dr\u00fcber. Die sind von Vorteil, wenn man sich sp\u00e4ter &#8211; warum auch immer &#8211; erfolgreich in den Schnee kniet&#8230; Im Moment hat der Wind nachgelassen und es ist gar nicht mehr so kalt. Also ist es gar nicht so schlimm, dass meine Handschuhe in der H\u00fctte liegen. Nebenbei gibt es die Mittagsschnitten.<\/p>\n<p>Heute kommt statt des gro\u00dfen Rucksackes die Kraxe mit auf Tour, damit Sohnemann jederzeit einsteigen kann. Immerhin ist ja jetzt Mittagsschlafzeit. Als ich die Kleinste in der Manduca habe, meckert sie und mag es irgendwie gar nicht. Vielleicht noch mal Hunger? Nein, wir wickeln&#8230; Also einmal komplett auszotteln, und das auf dem Beifahrersitz bei geschlossener T\u00fcr. All das dauert ca. eine Stunde und kurz nach 1 geht es dann los.<\/p>\n<p>Anfangs gibt es viel Kletterei und einige gr\u00f6\u00dfere Schneefelder, dann wird der Weg einfacher, bleibt aber kindgerecht-interessant. Zwischendurch sind immer mal kleine B\u00e4che\/Rinnsale auf Steinen zu \u00fcberqueren &#8211; T\u00f6chterchen ist happy. Uns gef\u00e4llt die Landschaft und der Weg auch. Zwischendurch dr\u00fcckt noch richig die Sonne durch. Ich finde es wundersch\u00f6n und freue mich, dass wir das alles hier so machen k\u00f6nnen.<\/p>\n<p><a href=\"http:\/\/aaad13.de\/wp-content\/uploads\/2015\/05\/DSCF8419.jpg\"><img loading=\"lazy\" decoding=\"async\" class=\"alignnone size-medium wp-image-223\" src=\"http:\/\/aaad13.de\/wp-content\/uploads\/2015\/05\/DSCF8419-300x225.jpg\" alt=\"DSCF8419\" width=\"300\" height=\"225\" srcset=\"http:\/\/aaad13.de\/wp-content\/uploads\/2015\/05\/DSCF8419-300x225.jpg 300w, http:\/\/aaad13.de\/wp-content\/uploads\/2015\/05\/DSCF8419-624x468.jpg 624w, http:\/\/aaad13.de\/wp-content\/uploads\/2015\/05\/DSCF8419.jpg 698w\" sizes=\"auto, (max-width: 300px) 100vw, 300px\" \/><\/a>\u00a0\u00a0 <a href=\"http:\/\/aaad13.de\/wp-content\/uploads\/2015\/05\/DSCF8427.jpg\"><img loading=\"lazy\" decoding=\"async\" class=\"alignnone size-medium wp-image-224\" src=\"http:\/\/aaad13.de\/wp-content\/uploads\/2015\/05\/DSCF8427-300x225.jpg\" alt=\"DSCF8427\" width=\"300\" height=\"225\" srcset=\"http:\/\/aaad13.de\/wp-content\/uploads\/2015\/05\/DSCF8427-300x225.jpg 300w, http:\/\/aaad13.de\/wp-content\/uploads\/2015\/05\/DSCF8427-624x468.jpg 624w, http:\/\/aaad13.de\/wp-content\/uploads\/2015\/05\/DSCF8427.jpg 698w\" sizes=\"auto, (max-width: 300px) 100vw, 300px\" \/><\/a><\/p>\n<p><a href=\"http:\/\/aaad13.de\/wp-content\/uploads\/2015\/05\/DSCF8435.jpg\"><img loading=\"lazy\" decoding=\"async\" class=\"alignnone size-medium wp-image-225\" src=\"http:\/\/aaad13.de\/wp-content\/uploads\/2015\/05\/DSCF8435-300x225.jpg\" alt=\"DSCF8435\" width=\"300\" height=\"225\" srcset=\"http:\/\/aaad13.de\/wp-content\/uploads\/2015\/05\/DSCF8435-300x225.jpg 300w, http:\/\/aaad13.de\/wp-content\/uploads\/2015\/05\/DSCF8435-624x468.jpg 624w, http:\/\/aaad13.de\/wp-content\/uploads\/2015\/05\/DSCF8435.jpg 698w\" sizes=\"auto, (max-width: 300px) 100vw, 300px\" \/><\/a>\u00a0\u00a0 <a href=\"http:\/\/aaad13.de\/wp-content\/uploads\/2015\/05\/20150521_145843.jpg\"><img loading=\"lazy\" decoding=\"async\" class=\"alignnone size-medium wp-image-220\" src=\"http:\/\/aaad13.de\/wp-content\/uploads\/2015\/05\/20150521_145843-300x225.jpg\" alt=\"20150521_145843\" width=\"300\" height=\"225\" srcset=\"http:\/\/aaad13.de\/wp-content\/uploads\/2015\/05\/20150521_145843-300x225.jpg 300w, http:\/\/aaad13.de\/wp-content\/uploads\/2015\/05\/20150521_145843.jpg 512w\" sizes=\"auto, (max-width: 300px) 100vw, 300px\" \/><\/a><\/p>\n<p>Die Kleinste war schnell eingeschlafen, ich habe sie im Schneeanzug und noch unter meiner Jacke. T\u00f6chterchen l\u00e4uft vorne weg und sucht und findet meistens den richtigen Weg. Sohnemann l\u00e4uft an der Hand. Richtig gut macht er das.<\/p>\n<p>Ringsum gehen immer mal wieder Lawinen ab. Das kracht ganz sch\u00f6n.<\/p>\n<p>Es hat inzwischen angefangen zu nieseln. Als es st\u00e4rker wird, machen wir eine halbe Stunde Pause und treten den R\u00fcckweg an. Wie geplant, Sohnemann in der Kraxe. Aber er schl\u00e4ft nicht, sondern singt. T\u00f6chterchen holt sich zweimal nasse F\u00fc\u00dfe, l\u00e4uft aber trotzdem prima zur\u00fcck. Und die Kleinste wird erst kurz bevor wir wieder am Auto sind wieder wach. Der Regen wird zunehmend st\u00e4rker, gut dass wir ne gro\u00dfe\u00a0 Heckklappe haben. Da passen alle drunter. Die Kinder haben beide nasse F\u00fc\u00dfe und bekommen trockene Sachen und nat\u00fcrlich was zu naschen. Die Kleinste ist sch\u00f6n warm geblieben und darf nun auf meinem Scho\u00df toben. Drau\u00dfen sind es 7\u00b0C und es regnet sich ein. Haben wir also alles noch gut abgepasst.<\/p>\n<p>Auf dem R\u00fcckweg schl\u00e4ft Sohnemann recht schnell und richtig fest ein. T\u00f6chterchen k\u00fcmmert sich um die Kleinste. Vor allem wie sie sie in den Tunneln ablenkt, ist gro\u00dfartig.<\/p>\n<p>Zum Abendessen gibt es Nudeln, die haben wir uns alle verdient. Ehe alle Kinder schlafen, ist es 22:00. Drau\u00dfen regnet es immer noch. Und morgen soll hier eine Hochzeit stattfinden&#8230;<\/p>\n<p>Deshalb reisen wir morgen auch weiter. Wir wollen auf halbem Wege zur Insel Runde Halt machen und haben uns Stryn ausgesucht, dort gibt es ein Gletscher Nationalparkzenter.<\/p>\n<p>Heute war ein richtig sch\u00f6ner Tag!<\/p>\n<p>&nbsp;<\/p>\n","protected":false},"excerpt":{"rendered":"<p>AT Do, 21.05.2015 &#8211; Luster am Lustrafjorden: Nigardsbreen Der Tag heute beginnt quasi mit Ausschlafen und wir packen in Ruhe f\u00fcr die Wanderung. Die Kleinste &#8222;musste&#8220; dabei in die Manduca, aber jetzt geht es ihr besser. Sie kuschelt, guckt, schl\u00e4ft aber noch nicht ein. Und auch die Gro\u00dfen haben sich friedlich mit L\u00f6wenzahn pfl\u00fccken und [&hellip;]<\/p>\n","protected":false},"author":2,"featured_media":0,"comment_status":"open","ping_status":"closed","sticky":false,"template":"","format":"standard","meta":{"footnotes":""},"categories":[11,12],"tags":[],"class_list":["post-217","post","type-post","status-publish","format-standard","hentry","category-norwegen","category-wandern"],"_links":{"self":[{"href":"http:\/\/aaad13.de\/index.php?rest_route=\/wp\/v2\/posts\/217","targetHints":{"allow":["GET"]}}],"collection":[{"href":"http:\/\/aaad13.de\/index.php?rest_route=\/wp\/v2\/posts"}],"about":[{"href":"http:\/\/aaad13.de\/index.php?rest_route=\/wp\/v2\/types\/post"}],"author":[{"embeddable":true,"href":"http:\/\/aaad13.de\/index.php?rest_route=\/wp\/v2\/users\/2"}],"replies":[{"embeddable":true,"href":"http:\/\/aaad13.de\/index.php?rest_route=%2Fwp%2Fv2%2Fcomments&post=217"}],"version-history":[{"count":6,"href":"http:\/\/aaad13.de\/index.php?rest_route=\/wp\/v2\/posts\/217\/revisions"}],"predecessor-version":[{"id":231,"href":"http:\/\/aaad13.de\/index.php?rest_route=\/wp\/v2\/posts\/217\/revisions\/231"}],"wp:attachment":[{"href":"http:\/\/aaad13.de\/index.php?rest_route=%2Fwp%2Fv2%2Fmedia&parent=217"}],"wp:term":[{"taxonomy":"category","embeddable":true,"href":"http:\/\/aaad13.de\/index.php?rest_route=%2Fwp%2Fv2%2Fcategories&post=217"},{"taxonomy":"post_tag","embeddable":true,"href":"http:\/\/aaad13.de\/index.php?rest_route=%2Fwp%2Fv2%2Ftags&post=217"}],"curies":[{"name":"wp","href":"https:\/\/api.w.org\/{rel}","templated":true}]}}