{"id":186,"date":"2015-05-20T20:09:22","date_gmt":"2015-05-20T18:09:22","guid":{"rendered":"http:\/\/aaad13.de\/?p=186"},"modified":"2015-05-22T00:59:04","modified_gmt":"2015-05-21T22:59:04","slug":"mi-20-05","status":"publish","type":"post","link":"http:\/\/aaad13.de\/?p=186","title":{"rendered":"Norwegen 2015 &#8211; Weiterfahrt zum Lustrafjord"},"content":{"rendered":"<h6><em>AT<br \/>\n<\/em><\/h6>\n<h2><span style=\"color: #000000;\"><strong>Mi, 20.05.2015 &#8211; Fl<span class=\"st\">\u00e5m &#8211; Luster<\/span><\/strong><\/span><\/h2>\n<p>Heute morgen hie\u00df es nach 4 N\u00e4chten also wieder &#8218;alles einpacken&#8216;. Sohnemann muss besch\u00e4ftigt werden, als wir was zu helfen haben, ist er happy. T\u00f6chterchen spielt und die Kleinste schl\u00e4ft noch mal ein.<\/p>\n<p>Unsere H\u00fctte hier war super, so wie auch der ganze Platz. Also jetzt in der Nebensaison absolut zu empfehlen. Ich mag mir aber nicht ausmalen, was in der Hauptsaison hier los ist&#8230;<\/p>\n<p><a href=\"http:\/\/aaad13.de\/wp-content\/uploads\/2015\/05\/DSCF8261.jpg\"><img loading=\"lazy\" decoding=\"async\" class=\"alignnone size-medium wp-image-197\" src=\"http:\/\/aaad13.de\/wp-content\/uploads\/2015\/05\/DSCF8261-300x225.jpg\" alt=\"DSCF8261\" width=\"300\" height=\"225\" srcset=\"http:\/\/aaad13.de\/wp-content\/uploads\/2015\/05\/DSCF8261-300x225.jpg 300w, http:\/\/aaad13.de\/wp-content\/uploads\/2015\/05\/DSCF8261-624x468.jpg 624w, http:\/\/aaad13.de\/wp-content\/uploads\/2015\/05\/DSCF8261.jpg 698w\" sizes=\"auto, (max-width: 300px) 100vw, 300px\" \/><\/a>\u00a0\u00a0 <a href=\"http:\/\/aaad13.de\/wp-content\/uploads\/2015\/05\/DSCF8262.jpg\"><img loading=\"lazy\" decoding=\"async\" class=\"alignnone size-medium wp-image-198\" src=\"http:\/\/aaad13.de\/wp-content\/uploads\/2015\/05\/DSCF8262-300x225.jpg\" alt=\"DSCF8262\" width=\"300\" height=\"225\" srcset=\"http:\/\/aaad13.de\/wp-content\/uploads\/2015\/05\/DSCF8262-300x225.jpg 300w, http:\/\/aaad13.de\/wp-content\/uploads\/2015\/05\/DSCF8262-624x468.jpg 624w, http:\/\/aaad13.de\/wp-content\/uploads\/2015\/05\/DSCF8262.jpg 698w\" sizes=\"auto, (max-width: 300px) 100vw, 300px\" \/><\/a><\/p>\n<p><a href=\"http:\/\/aaad13.de\/wp-content\/uploads\/2015\/05\/DSCF8265.jpg\"><img loading=\"lazy\" decoding=\"async\" class=\"alignnone size-medium wp-image-199\" src=\"http:\/\/aaad13.de\/wp-content\/uploads\/2015\/05\/DSCF8265-300x225.jpg\" alt=\"DSCF8265\" width=\"300\" height=\"225\" srcset=\"http:\/\/aaad13.de\/wp-content\/uploads\/2015\/05\/DSCF8265-300x225.jpg 300w, http:\/\/aaad13.de\/wp-content\/uploads\/2015\/05\/DSCF8265-624x468.jpg 624w, http:\/\/aaad13.de\/wp-content\/uploads\/2015\/05\/DSCF8265.jpg 698w\" sizes=\"auto, (max-width: 300px) 100vw, 300px\" \/><\/a>\u00a0\u00a0 <a href=\"http:\/\/aaad13.de\/wp-content\/uploads\/2015\/05\/DSCF8270.jpg\"><img loading=\"lazy\" decoding=\"async\" class=\"alignnone size-medium wp-image-201\" src=\"http:\/\/aaad13.de\/wp-content\/uploads\/2015\/05\/DSCF8270-300x225.jpg\" alt=\"DSCF8270\" width=\"300\" height=\"225\" srcset=\"http:\/\/aaad13.de\/wp-content\/uploads\/2015\/05\/DSCF8270-300x225.jpg 300w, http:\/\/aaad13.de\/wp-content\/uploads\/2015\/05\/DSCF8270-624x468.jpg 624w, http:\/\/aaad13.de\/wp-content\/uploads\/2015\/05\/DSCF8270.jpg 698w\" sizes=\"auto, (max-width: 300px) 100vw, 300px\" \/><\/a><\/p>\n<p><a href=\"http:\/\/aaad13.de\/wp-content\/uploads\/2015\/05\/DSCF8268.jpg\"><img loading=\"lazy\" decoding=\"async\" class=\"alignnone size-medium wp-image-200\" src=\"http:\/\/aaad13.de\/wp-content\/uploads\/2015\/05\/DSCF8268-225x300.jpg\" alt=\"DSCF8268\" width=\"225\" height=\"300\" srcset=\"http:\/\/aaad13.de\/wp-content\/uploads\/2015\/05\/DSCF8268-225x300.jpg 225w, http:\/\/aaad13.de\/wp-content\/uploads\/2015\/05\/DSCF8268.jpg 523w\" sizes=\"auto, (max-width: 225px) 100vw, 225px\" \/><\/a>\u00a0\u00a0 <a href=\"http:\/\/aaad13.de\/wp-content\/uploads\/2015\/05\/DSCF8276.jpg\"><img loading=\"lazy\" decoding=\"async\" class=\"alignnone size-medium wp-image-202\" src=\"http:\/\/aaad13.de\/wp-content\/uploads\/2015\/05\/DSCF8276-300x225.jpg\" alt=\"DSCF8276\" width=\"300\" height=\"225\" srcset=\"http:\/\/aaad13.de\/wp-content\/uploads\/2015\/05\/DSCF8276-300x225.jpg 300w, http:\/\/aaad13.de\/wp-content\/uploads\/2015\/05\/DSCF8276-624x468.jpg 624w, http:\/\/aaad13.de\/wp-content\/uploads\/2015\/05\/DSCF8276.jpg 698w\" sizes=\"auto, (max-width: 300px) 100vw, 300px\" \/><\/a><\/p>\n<p><a href=\"http:\/\/aaad13.de\/wp-content\/uploads\/2015\/05\/DSCF8280.jpg\"><img loading=\"lazy\" decoding=\"async\" class=\"alignnone size-medium wp-image-203\" src=\"http:\/\/aaad13.de\/wp-content\/uploads\/2015\/05\/DSCF8280-300x225.jpg\" alt=\"DSCF8280\" width=\"300\" height=\"225\" srcset=\"http:\/\/aaad13.de\/wp-content\/uploads\/2015\/05\/DSCF8280-300x225.jpg 300w, http:\/\/aaad13.de\/wp-content\/uploads\/2015\/05\/DSCF8280-624x468.jpg 624w, http:\/\/aaad13.de\/wp-content\/uploads\/2015\/05\/DSCF8280.jpg 698w\" sizes=\"auto, (max-width: 300px) 100vw, 300px\" \/><\/a>\u00a0\u00a0 <a href=\"http:\/\/aaad13.de\/wp-content\/uploads\/2015\/05\/DSCF8284.jpg\"><img loading=\"lazy\" decoding=\"async\" class=\"alignnone size-medium wp-image-204\" src=\"http:\/\/aaad13.de\/wp-content\/uploads\/2015\/05\/DSCF8284-300x225.jpg\" alt=\"DSCF8284\" width=\"300\" height=\"225\" srcset=\"http:\/\/aaad13.de\/wp-content\/uploads\/2015\/05\/DSCF8284-300x225.jpg 300w, http:\/\/aaad13.de\/wp-content\/uploads\/2015\/05\/DSCF8284-624x468.jpg 624w, http:\/\/aaad13.de\/wp-content\/uploads\/2015\/05\/DSCF8284.jpg 698w\" sizes=\"auto, (max-width: 300px) 100vw, 300px\" \/><\/a><\/p>\n<p>Wir kommen um 11 los und haben es ja auch nicht allzu weit. Eigentlich wollte ich gern die Strecke mit der Panorama-Hochland-Stra\u00dfe &#8222;Tindevegen&#8220; fahren. Aber wir k\u00f6nnen die schmalen Stra\u00dfen mit den Pseudo-Ausweichbuchten und dazu die Serpentinen nicht wirklich genie\u00dfen und wissen ohnehin nicht, ob die Stra\u00dfe noch wintergesperrt ist, also lassen wir es sein. <span style=\"color: #999999;\"><em>(Sie w\u00e4re offen gewesen.)<\/em><\/span> Stattdessen fahren wir durch den 25 km langen L\u00e6rdalstunnel. Da die Kleinste (ebenso wie die Gro\u00dfen in fr\u00fcheren Jahren) keine Tunnel mag, hole ich sie wieder zu mir nach vorn. (Das mussten wir auf der Fahrt von Stavn nach Flam auch schon einmal machen. Wie gut, dass wir uns vorne f\u00fcr den Doppelsitz entschieden haben \ud83d\ude09 ) Sie weint dennoch bis Kilometer 15, dann schl\u00e4ft sie endlich ein. Sohnemann schl\u00e4ft, kurz bevor wir wieder ans Tageslicht kommen. Trotz seiner L\u00e4nge ist der Tunnel nicht besonders unangenehm, die Stra\u00dfe ist breit, ganz gut ausgeleuchtet und das Highlight sind 3 Bereiche mit blauem Licht. Das begeistert auch die zweite Sitzreihe \ud83d\ude42<\/p>\n<p><a href=\"http:\/\/aaad13.de\/wp-content\/uploads\/2015\/05\/DSCF8292.jpg\"><img loading=\"lazy\" decoding=\"async\" class=\"alignnone size-medium wp-image-205\" src=\"http:\/\/aaad13.de\/wp-content\/uploads\/2015\/05\/DSCF8292-300x225.jpg\" alt=\"DSCF8292\" width=\"300\" height=\"225\" srcset=\"http:\/\/aaad13.de\/wp-content\/uploads\/2015\/05\/DSCF8292-300x225.jpg 300w, http:\/\/aaad13.de\/wp-content\/uploads\/2015\/05\/DSCF8292-624x468.jpg 624w, http:\/\/aaad13.de\/wp-content\/uploads\/2015\/05\/DSCF8292.jpg 698w\" sizes=\"auto, (max-width: 300px) 100vw, 300px\" \/><\/a><\/p>\n<p>Da wir ja nun nicht \u00fcber die Berge fahren, geht es also \u00fcber&#8217;s Wasser. Es kommt auch gerade eine F\u00e4hre an.<\/p>\n<p><a href=\"http:\/\/aaad13.de\/wp-content\/uploads\/2015\/05\/DSCF8303.jpg\"><img loading=\"lazy\" decoding=\"async\" class=\"alignnone size-medium wp-image-206\" src=\"http:\/\/aaad13.de\/wp-content\/uploads\/2015\/05\/DSCF8303-300x225.jpg\" alt=\"DSCF8303\" width=\"300\" height=\"225\" srcset=\"http:\/\/aaad13.de\/wp-content\/uploads\/2015\/05\/DSCF8303-300x225.jpg 300w, http:\/\/aaad13.de\/wp-content\/uploads\/2015\/05\/DSCF8303-624x468.jpg 624w, http:\/\/aaad13.de\/wp-content\/uploads\/2015\/05\/DSCF8303.jpg 698w\" sizes=\"auto, (max-width: 300px) 100vw, 300px\" \/><\/a><\/p>\n<p>Leider kann ich nicht aussteigen, aus meinem Mittelplatz l\u00e4sst es sich schlecht rausklettern, so dass ich von der \u00dcberfahrt nur den Wohnwagen vor uns und den LKW neben uns sehe. Als wir fast dr\u00fcben sind fragt T\u00f6chterchen &#8222;Wann fahren wir los?&#8220; \ud83d\ude42<\/p>\n<p>Wir fahren erstmal bis Sogndal, Brot und \u00c4pfel sind schon wieder alle. Inzwischen sind alle wieder wach, die Kleiste mag nicht in der Babyschale sein und weint. Ein &#8222;Rimi 1000&#8220; ist schnell gefunden, so dass sie endlich da raus und ein wenig klettern kann. Die anderen drei machen den kleinen Einkauf.<\/p>\n<p><a href=\"http:\/\/aaad13.de\/wp-content\/uploads\/2015\/05\/DSCF8315.jpg\"><img loading=\"lazy\" decoding=\"async\" class=\"alignnone size-medium wp-image-207\" src=\"http:\/\/aaad13.de\/wp-content\/uploads\/2015\/05\/DSCF8315-225x300.jpg\" alt=\"DSCF8315\" width=\"225\" height=\"300\" srcset=\"http:\/\/aaad13.de\/wp-content\/uploads\/2015\/05\/DSCF8315-225x300.jpg 225w, http:\/\/aaad13.de\/wp-content\/uploads\/2015\/05\/DSCF8315.jpg 523w\" sizes=\"auto, (max-width: 225px) 100vw, 225px\" \/><\/a><\/p>\n<p>Der Rest der Fahrt verl\u00e4uft \u00e4hnlich, bis wir endlich am vorher ausgew\u00e4hlten Campingplatz ankommen. Der Platz hat eine sch\u00f6ne gro\u00dfe Wiese und liegt direkt am Fjord. Hier sind die Bl\u00fcten der Obstb\u00e4ume noch nicht so weit wie in Fl<span class=\"st\">\u00e5m.<\/span><\/p>\n<p>Wir lassen uns zwei H\u00fctten zeigen und empfinden diese (wie fast erwartet) nach unserer Super-H\u00fctte in Flam als kleinen Kulturschock. Wir entscheiden uns f\u00fcr die Gr\u00f6\u00dfere. Die ist preiswerter, aber ohne Wasser.<\/p>\n<p><a href=\"http:\/\/aaad13.de\/wp-content\/uploads\/2015\/05\/DSCF8326.jpg\"><img loading=\"lazy\" decoding=\"async\" class=\"alignnone size-medium wp-image-208\" src=\"http:\/\/aaad13.de\/wp-content\/uploads\/2015\/05\/DSCF8326-300x225.jpg\" alt=\"DSCF8326\" width=\"300\" height=\"225\" srcset=\"http:\/\/aaad13.de\/wp-content\/uploads\/2015\/05\/DSCF8326-300x225.jpg 300w, http:\/\/aaad13.de\/wp-content\/uploads\/2015\/05\/DSCF8326-624x468.jpg 624w, http:\/\/aaad13.de\/wp-content\/uploads\/2015\/05\/DSCF8326.jpg 698w\" sizes=\"auto, (max-width: 300px) 100vw, 300px\" \/> \u00a0\u00a0<\/a> <a href=\"http:\/\/aaad13.de\/wp-content\/uploads\/2015\/05\/DSCF8328.jpg\"><img loading=\"lazy\" decoding=\"async\" class=\"alignnone size-medium wp-image-209\" src=\"http:\/\/aaad13.de\/wp-content\/uploads\/2015\/05\/DSCF8328-300x225.jpg\" alt=\"DSCF8328\" width=\"300\" height=\"225\" srcset=\"http:\/\/aaad13.de\/wp-content\/uploads\/2015\/05\/DSCF8328-300x225.jpg 300w, http:\/\/aaad13.de\/wp-content\/uploads\/2015\/05\/DSCF8328-624x468.jpg 624w, http:\/\/aaad13.de\/wp-content\/uploads\/2015\/05\/DSCF8328.jpg 698w\" sizes=\"auto, (max-width: 300px) 100vw, 300px\" \/><\/a><\/p>\n<p>Eigentlich wollten wir 3 N\u00e4chte bleiben, aber alle H\u00fctten sind nur noch 2 N\u00e4chte frei, am WE ist hier eine Hochzeitsfeier. OK, dann wird es also noch einen weiteren Zwischenstopp geben, bevor wir auf die Vogelinsel &#8222;Runde&#8220; fahren. Dort haben wir ab 23.05. ein Haus f\u00fcr eine Woche gebucht. Auch gut, denn die Fahrt dorthin ist ziemlich lang.<\/p>\n<p>Die Gro\u00dfen beginnen direkt, die Bank vor der H\u00fctte mit L\u00f6wenzahn und St\u00f6ckchen zu schm\u00fccken.<\/p>\n<p><a href=\"http:\/\/aaad13.de\/wp-content\/uploads\/2015\/05\/20150520_150256.jpg\"><img loading=\"lazy\" decoding=\"async\" class=\"alignnone size-medium wp-image-210\" src=\"http:\/\/aaad13.de\/wp-content\/uploads\/2015\/05\/20150520_150256-193x300.jpg\" alt=\"20150520_150256\" width=\"193\" height=\"300\" srcset=\"http:\/\/aaad13.de\/wp-content\/uploads\/2015\/05\/20150520_150256-193x300.jpg 193w, http:\/\/aaad13.de\/wp-content\/uploads\/2015\/05\/20150520_150256.jpg 247w\" sizes=\"auto, (max-width: 193px) 100vw, 193px\" \/><\/a><\/p>\n<p>Gegen 3 fahren wir mit dem Auto in ein Tal rein, finden eine sch\u00f6ne Stelle und sind einfach dort. Jedes Kind hat so seine Besch\u00e4ftigung: Damm bauen, mit den Autos und anschlie\u00dfend mit der &#8222;Schmei\u00df-Scheibe&#8220; spielen bzw. wieder auf meinem Scho\u00df klettern.<\/p>\n<p><a href=\"http:\/\/aaad13.de\/wp-content\/uploads\/2015\/05\/DSCF8352.jpg\"><img loading=\"lazy\" decoding=\"async\" class=\"alignnone size-medium wp-image-211\" src=\"http:\/\/aaad13.de\/wp-content\/uploads\/2015\/05\/DSCF8352-300x225.jpg\" alt=\"DSCF8352\" width=\"300\" height=\"225\" srcset=\"http:\/\/aaad13.de\/wp-content\/uploads\/2015\/05\/DSCF8352-300x225.jpg 300w, http:\/\/aaad13.de\/wp-content\/uploads\/2015\/05\/DSCF8352-624x468.jpg 624w, http:\/\/aaad13.de\/wp-content\/uploads\/2015\/05\/DSCF8352.jpg 698w\" sizes=\"auto, (max-width: 300px) 100vw, 300px\" \/><\/a> \u00a0\u00a0 <a href=\"http:\/\/aaad13.de\/wp-content\/uploads\/2015\/05\/DSCF8364.jpg\"><img loading=\"lazy\" decoding=\"async\" class=\"alignnone size-medium wp-image-212\" src=\"http:\/\/aaad13.de\/wp-content\/uploads\/2015\/05\/DSCF8364-300x225.jpg\" alt=\"DSCF8364\" width=\"300\" height=\"225\" srcset=\"http:\/\/aaad13.de\/wp-content\/uploads\/2015\/05\/DSCF8364-300x225.jpg 300w, http:\/\/aaad13.de\/wp-content\/uploads\/2015\/05\/DSCF8364-624x468.jpg 624w, http:\/\/aaad13.de\/wp-content\/uploads\/2015\/05\/DSCF8364.jpg 698w\" sizes=\"auto, (max-width: 300px) 100vw, 300px\" \/><\/a><\/p>\n<p>Nach dem\u00a0 Abendessen in der H\u00fctte gehen wir noch ans Wasser runter. Steine haben ja eine enorme Anziehungskraft auf die Kinder, diese hier haben gr\u00fcne &#8222;Haare&#8220;. Und ein paar zum Reinwerfen finden sie auch. Die Kleinste schl\u00e4ft nun endlich mal etwas l\u00e4nger in der Manduca. Das Kuscheln hat ihr wohl gefehlt&#8230;<\/p>\n<p><a href=\"http:\/\/aaad13.de\/wp-content\/uploads\/2015\/05\/20150520_194324.jpg\"><img loading=\"lazy\" decoding=\"async\" class=\"alignnone size-medium wp-image-213\" src=\"http:\/\/aaad13.de\/wp-content\/uploads\/2015\/05\/20150520_194324-300x225.jpg\" alt=\"20150520_194324\" width=\"300\" height=\"225\" srcset=\"http:\/\/aaad13.de\/wp-content\/uploads\/2015\/05\/20150520_194324-300x225.jpg 300w, http:\/\/aaad13.de\/wp-content\/uploads\/2015\/05\/20150520_194324.jpg 512w\" sizes=\"auto, (max-width: 300px) 100vw, 300px\" \/><\/a>\u00a0\u00a0 <a href=\"http:\/\/aaad13.de\/wp-content\/uploads\/2015\/05\/20150520_194411.jpg\"><img loading=\"lazy\" decoding=\"async\" class=\"alignnone size-medium wp-image-214\" src=\"http:\/\/aaad13.de\/wp-content\/uploads\/2015\/05\/20150520_194411-300x225.jpg\" alt=\"20150520_194411\" width=\"300\" height=\"225\" srcset=\"http:\/\/aaad13.de\/wp-content\/uploads\/2015\/05\/20150520_194411-300x225.jpg 300w, http:\/\/aaad13.de\/wp-content\/uploads\/2015\/05\/20150520_194411.jpg 512w\" sizes=\"auto, (max-width: 300px) 100vw, 300px\" \/><\/a><\/p>\n<p><a href=\"http:\/\/aaad13.de\/wp-content\/uploads\/2015\/05\/20150520_201421.jpg\"><img loading=\"lazy\" decoding=\"async\" class=\"alignnone size-medium wp-image-215\" src=\"http:\/\/aaad13.de\/wp-content\/uploads\/2015\/05\/20150520_201421-300x225.jpg\" alt=\"20150520_201421\" width=\"300\" height=\"225\" srcset=\"http:\/\/aaad13.de\/wp-content\/uploads\/2015\/05\/20150520_201421-300x225.jpg 300w, http:\/\/aaad13.de\/wp-content\/uploads\/2015\/05\/20150520_201421.jpg 512w\" sizes=\"auto, (max-width: 300px) 100vw, 300px\" \/><\/a><\/p>\n<p>Wir haben 11\u00b0C, also nicht viel anders als in Fl<span class=\"st\">\u00e5m, aber es f\u00fchlt sich (nicht nur durch den Wind) deutlich k\u00fchler an. Als wir wieder rein gehen, bin ich richtig durchgefroren.<\/span><\/p>\n<p>Morgen wollen wir die Wanderung zum Nigardsbreen machen, Wetter sieht ganz gut aus.<\/p>\n","protected":false},"excerpt":{"rendered":"<p>AT Mi, 20.05.2015 &#8211; Fl\u00e5m &#8211; Luster Heute morgen hie\u00df es nach 4 N\u00e4chten also wieder &#8218;alles einpacken&#8216;. Sohnemann muss besch\u00e4ftigt werden, als wir was zu helfen haben, ist er happy. T\u00f6chterchen spielt und die Kleinste schl\u00e4ft noch mal ein. Unsere H\u00fctte hier war super, so wie auch der ganze Platz. Also jetzt in der [&hellip;]<\/p>\n","protected":false},"author":2,"featured_media":0,"comment_status":"open","ping_status":"closed","sticky":false,"template":"","format":"standard","meta":{"footnotes":""},"categories":[11],"tags":[],"class_list":["post-186","post","type-post","status-publish","format-standard","hentry","category-norwegen"],"_links":{"self":[{"href":"http:\/\/aaad13.de\/index.php?rest_route=\/wp\/v2\/posts\/186","targetHints":{"allow":["GET"]}}],"collection":[{"href":"http:\/\/aaad13.de\/index.php?rest_route=\/wp\/v2\/posts"}],"about":[{"href":"http:\/\/aaad13.de\/index.php?rest_route=\/wp\/v2\/types\/post"}],"author":[{"embeddable":true,"href":"http:\/\/aaad13.de\/index.php?rest_route=\/wp\/v2\/users\/2"}],"replies":[{"embeddable":true,"href":"http:\/\/aaad13.de\/index.php?rest_route=%2Fwp%2Fv2%2Fcomments&post=186"}],"version-history":[{"count":6,"href":"http:\/\/aaad13.de\/index.php?rest_route=\/wp\/v2\/posts\/186\/revisions"}],"predecessor-version":[{"id":216,"href":"http:\/\/aaad13.de\/index.php?rest_route=\/wp\/v2\/posts\/186\/revisions\/216"}],"wp:attachment":[{"href":"http:\/\/aaad13.de\/index.php?rest_route=%2Fwp%2Fv2%2Fmedia&parent=186"}],"wp:term":[{"taxonomy":"category","embeddable":true,"href":"http:\/\/aaad13.de\/index.php?rest_route=%2Fwp%2Fv2%2Fcategories&post=186"},{"taxonomy":"post_tag","embeddable":true,"href":"http:\/\/aaad13.de\/index.php?rest_route=%2Fwp%2Fv2%2Ftags&post=186"}],"curies":[{"name":"wp","href":"https:\/\/api.w.org\/{rel}","templated":true}]}}